{"id":548,"date":"2023-03-20T10:52:01","date_gmt":"2023-03-20T10:52:01","guid":{"rendered":"https:\/\/nicole37.fr\/auteur\/?p=548"},"modified":"2023-03-20T10:52:01","modified_gmt":"2023-03-20T10:52:01","slug":"recit-et-poesie-a-sa-maman","status":"publish","type":"post","link":"https:\/\/auteur.nicole37.fr\/index.php\/2023\/03\/20\/recit-et-poesie-a-sa-maman\/","title":{"rendered":"RECIT ET POESIE A SA MAMAN"},"content":{"rendered":"\n<p>R\u00e9cit d&rsquo;une amie que je trouve tr\u00e8s beau et que je  poste ici pour vous :<\/p>\n\n\n\n<div class=\"wp-block-image is-style-default\"><figure class=\"aligncenter size-full is-resized\"><img loading=\"lazy\" decoding=\"async\" src=\"https:\/\/auteur.nicole37.fr\/wp-content\/uploads\/2023\/03\/336681491_557355846487956_6090705521465213312_n.jpg\" alt=\"\" class=\"wp-image-549\" width=\"355\" height=\"554\" srcset=\"https:\/\/auteur.nicole37.fr\/wp-content\/uploads\/2023\/03\/336681491_557355846487956_6090705521465213312_n.jpg 577w, https:\/\/auteur.nicole37.fr\/wp-content\/uploads\/2023\/03\/336681491_557355846487956_6090705521465213312_n-192x300.jpg 192w\" sizes=\"auto, (max-width: 355px) 85vw, 355px\" \/><\/figure><\/div>\n\n\n\n<p class=\"has-text-align-center\">A toi Maman<\/p>\n\n\n\n<p><\/p>\n\n\n\n<p>Si tu voyais Maman<\/p>\n\n\n\n<p>Cet univers en charpie<\/p>\n\n\n\n<p>Je suis so\u00fbl\u00e9e de bruit<\/p>\n\n\n\n<p>Assomm\u00e9e, \u00e9tourdie..<\/p>\n\n\n\n<p><\/p>\n\n\n\n<p>Lorsque j&rsquo;\u00e9tais enfant<\/p>\n\n\n\n<p>Tu m&rsquo;as pourtant appris<\/p>\n\n\n\n<p>Tout ce pourquoi l&rsquo;on vit<\/p>\n\n\n\n<p>Tout a chang\u00e9 ici&#8230;<\/p>\n\n\n\n<p><\/p>\n\n\n\n<p>Si tu savais Maman<\/p>\n\n\n\n<p>L&rsquo;ind\u00e9cence aboutie<\/p>\n\n\n\n<p>Et l&rsquo;odieuse infamie<\/p>\n\n\n\n<p>D&rsquo;un monde repeint en gris<\/p>\n\n\n\n<p><\/p>\n\n\n\n<p>D&rsquo; Orient en l&rsquo;Occident<\/p>\n\n\n\n<p>Le chant devient un cri<\/p>\n\n\n\n<p>Une ode \u00e0 la folie<\/p>\n\n\n\n<p>Je me sens d\u00e9munie<\/p>\n\n\n\n<p><\/p>\n\n\n\n<p>J&rsquo;ai oubli\u00e9 Maman<\/p>\n\n\n\n<p>Le go\u00fbt du paradis<\/p>\n\n\n\n<p>La pluie des confettis<\/p>\n\n\n\n<p>Sur nos mines r\u00e9jouies<\/p>\n\n\n\n<p><\/p>\n\n\n\n<p>Les man\u00e8ges d&rsquo;antan<\/p>\n\n\n\n<p>La magie des jeudis<\/p>\n\n\n\n<p>Et le sucre candi<\/p>\n\n\n\n<p>Les photos ont jauni<\/p>\n\n\n\n<p><\/p>\n\n\n\n<p>J&rsquo;ai beau me dire Maman<\/p>\n\n\n\n<p>Que tout n&rsquo;est pas fini<\/p>\n\n\n\n<p>Qu&rsquo;il faut croire en la vie<\/p>\n\n\n\n<p>Et en d&rsquo;autres jeudis<\/p>\n\n\n\n<p><\/p>\n\n\n\n<p>Que revient le printemps<\/p>\n\n\n\n<p>Comme l&rsquo;oiseau au nid<\/p>\n\n\n\n<p>Moi je cherche un abri<\/p>\n\n\n\n<p>Un lieu o\u00f9 faire mon lit<\/p>\n\n\n\n<p><\/p>\n\n\n\n<p>Je sais r\u00eaver Maman<\/p>\n\n\n\n<p>Du jour apr\u00e8s la nuit<\/p>\n\n\n\n<p>Du bleu apr\u00e8s la pluie<\/p>\n\n\n\n<p>Et je te dis MERCI  <\/p>\n\n\n\n<p><a rel=\"noreferrer noopener\" href=\"https:\/\/www.facebook.com\/profile.php?id=100015378640201&amp;__cft__[0]=AZV0vTSR3kyUr5ulsLoYv49Quo8EpNfqpe-J7oYCtuWP_iRonq4xREMhYKP57XzPfY94MXcorQ3IJbIKDsOi1Npo7Mwlo-WUO-gQBv-W56qPWIQ63_IKPQ-nNZ_eJ7wl3LEVDX5jhrtWfTDKRV9NhHkF78MjS8uWQX4hoR6UU__GQQ&amp;__tn__=-]K-R\" target=\"_blank\">Annie Kubasiak-Bar<\/a><a href=\"https:\/\/www.facebook.com\/profile.php?id=100015378640201&amp;__cft__[0]=AZV0vTSR3kyUr5ulsLoYv49Quo8EpNfqpe-J7oYCtuWP_iRonq4xREMhYKP57XzPfY94MXcorQ3IJbIKDsOi1Npo7Mwlo-WUO-gQBv-W56qPWIQ63_IKPQ-nNZ_eJ7wl3LEVDX5jhrtWfTDKRV9NhHkF78MjS8uWQX4hoR6UU__GQQ&amp;__tn__=-]K-R\">bier<\/a><\/p>\n","protected":false},"excerpt":{"rendered":"<p>R\u00e9cit d&rsquo;une amie que je trouve tr\u00e8s beau et que je poste ici pour vous : A toi Maman Si tu voyais Maman Cet univers en charpie Je suis so\u00fbl\u00e9e de bruit Assomm\u00e9e, \u00e9tourdie.. Lorsque j&rsquo;\u00e9tais enfant Tu m&rsquo;as pourtant appris Tout ce pourquoi l&rsquo;on vit Tout a chang\u00e9 ici&#8230; Si tu savais Maman L&rsquo;ind\u00e9cence &hellip; <a href=\"https:\/\/auteur.nicole37.fr\/index.php\/2023\/03\/20\/recit-et-poesie-a-sa-maman\/\" class=\"more-link\">Continuer la lecture<span class=\"screen-reader-text\"> de &laquo;&nbsp;RECIT ET POESIE A SA MAMAN&nbsp;&raquo;<\/span><\/a><\/p>\n","protected":false},"author":1,"featured_media":0,"comment_status":"open","ping_status":"open","sticky":false,"template":"","format":"standard","meta":{"footnotes":""},"categories":[13],"tags":[],"class_list":["post-548","post","type-post","status-publish","format-standard","hentry","category-recit-annie-kubasiac-barbier"],"_links":{"self":[{"href":"https:\/\/auteur.nicole37.fr\/index.php\/wp-json\/wp\/v2\/posts\/548","targetHints":{"allow":["GET"]}}],"collection":[{"href":"https:\/\/auteur.nicole37.fr\/index.php\/wp-json\/wp\/v2\/posts"}],"about":[{"href":"https:\/\/auteur.nicole37.fr\/index.php\/wp-json\/wp\/v2\/types\/post"}],"author":[{"embeddable":true,"href":"https:\/\/auteur.nicole37.fr\/index.php\/wp-json\/wp\/v2\/users\/1"}],"replies":[{"embeddable":true,"href":"https:\/\/auteur.nicole37.fr\/index.php\/wp-json\/wp\/v2\/comments?post=548"}],"version-history":[{"count":0,"href":"https:\/\/auteur.nicole37.fr\/index.php\/wp-json\/wp\/v2\/posts\/548\/revisions"}],"wp:attachment":[{"href":"https:\/\/auteur.nicole37.fr\/index.php\/wp-json\/wp\/v2\/media?parent=548"}],"wp:term":[{"taxonomy":"category","embeddable":true,"href":"https:\/\/auteur.nicole37.fr\/index.php\/wp-json\/wp\/v2\/categories?post=548"},{"taxonomy":"post_tag","embeddable":true,"href":"https:\/\/auteur.nicole37.fr\/index.php\/wp-json\/wp\/v2\/tags?post=548"}],"curies":[{"name":"wp","href":"https:\/\/api.w.org\/{rel}","templated":true}]}}